{"id":1300,"date":"2024-08-08T09:20:18","date_gmt":"2024-08-08T09:20:18","guid":{"rendered":"https:\/\/eurosportpool.eu\/?p=1300"},"modified":"2024-08-08T09:20:18","modified_gmt":"2024-08-08T09:20:18","slug":"le-luxembourg-et-la-belgique-renforcent-leur-collaboration-sportive-rencontre-a-la-maison-olympique-de-paris","status":"publish","type":"post","link":"https:\/\/eurosportpool.eu\/fr\/le-luxembourg-et-la-belgique-renforcent-leur-collaboration-sportive-rencontre-a-la-maison-olympique-de-paris\/","title":{"rendered":"Le Luxembourg et la Belgique renforcent leur collaboration sportive : Rencontre \u00e0 la Maison Olympique de Paris"},"content":{"rendered":"<p>En marge de la Journ\u00e9e de la Communaut\u00e9 germanophone, une conversation informelle a eu lieu entre le ministre luxembourgeois des Sports, M. Georges Mischo, et son homologue, M. Gregor Freches, \u00e0 la Maison Olympique Belge \u00e0 Paris. Apr\u00e8s une visite guid\u00e9e de la Maison Olympique Belge, des sujets concernant une collaboration plus \u00e9troite dans le domaine du sport entre les deux pays et la Grande R\u00e9gion ont \u00e9t\u00e9 abord\u00e9s. Cette collaboration plus \u00e9troite doit \u00eatre concr\u00e9tis\u00e9e dans les mois \u00e0 venir.<\/p>\n<p>&nbsp;<\/p>\n<p><img loading=\"lazy\" decoding=\"async\" class=\"alignnone size-medium wp-image-1298\" src=\"https:\/\/eurosportpool.eu\/wp-content\/uploads\/2024\/08\/whats--225x300.jpg\" alt=\"\" width=\"225\" height=\"300\" srcset=\"https:\/\/eurosportpool.eu\/wp-content\/uploads\/2024\/08\/whats--225x300.jpg 225w, https:\/\/eurosportpool.eu\/wp-content\/uploads\/2024\/08\/whats--768x1024.jpg 768w, https:\/\/eurosportpool.eu\/wp-content\/uploads\/2024\/08\/whats--1152x1536.jpg 1152w, https:\/\/eurosportpool.eu\/wp-content\/uploads\/2024\/08\/whats-.jpg 1536w\" sizes=\"auto, (max-width: 225px) 100vw, 225px\" \/><\/p>\n","protected":false},"excerpt":{"rendered":"<p>En marge de la Journ\u00e9e de la Communaut\u00e9 germanophone, une conversation informelle a eu lieu entre le ministre luxembourgeois des Sports, M. Georges Mischo, et son homologue, M. Gregor Freches,&#8230;<\/p>\n","protected":false},"author":2,"featured_media":1296,"comment_status":"open","ping_status":"closed","sticky":false,"template":"","format":"standard","meta":{"om_disable_all_campaigns":false,"_monsterinsights_skip_tracking":false,"_monsterinsights_sitenote_active":false,"_monsterinsights_sitenote_note":"","_monsterinsights_sitenote_category":0,"footnotes":""},"categories":[6],"tags":[],"class_list":{"0":"post-1300","1":"post","2":"type-post","3":"status-publish","4":"format-standard","5":"has-post-thumbnail","7":"category-non-classifiee"},"aioseo_notices":[],"_links":{"self":[{"href":"https:\/\/eurosportpool.eu\/fr\/wp-json\/wp\/v2\/posts\/1300","targetHints":{"allow":["GET"]}}],"collection":[{"href":"https:\/\/eurosportpool.eu\/fr\/wp-json\/wp\/v2\/posts"}],"about":[{"href":"https:\/\/eurosportpool.eu\/fr\/wp-json\/wp\/v2\/types\/post"}],"author":[{"embeddable":true,"href":"https:\/\/eurosportpool.eu\/fr\/wp-json\/wp\/v2\/users\/2"}],"replies":[{"embeddable":true,"href":"https:\/\/eurosportpool.eu\/fr\/wp-json\/wp\/v2\/comments?post=1300"}],"version-history":[{"count":1,"href":"https:\/\/eurosportpool.eu\/fr\/wp-json\/wp\/v2\/posts\/1300\/revisions"}],"predecessor-version":[{"id":1301,"href":"https:\/\/eurosportpool.eu\/fr\/wp-json\/wp\/v2\/posts\/1300\/revisions\/1301"}],"wp:featuredmedia":[{"embeddable":true,"href":"https:\/\/eurosportpool.eu\/fr\/wp-json\/wp\/v2\/media\/1296"}],"wp:attachment":[{"href":"https:\/\/eurosportpool.eu\/fr\/wp-json\/wp\/v2\/media?parent=1300"}],"wp:term":[{"taxonomy":"category","embeddable":true,"href":"https:\/\/eurosportpool.eu\/fr\/wp-json\/wp\/v2\/categories?post=1300"},{"taxonomy":"post_tag","embeddable":true,"href":"https:\/\/eurosportpool.eu\/fr\/wp-json\/wp\/v2\/tags?post=1300"}],"curies":[{"name":"wp","href":"https:\/\/api.w.org\/{rel}","templated":true}]}}